{"id":6050,"date":"2025-09-01T08:01:00","date_gmt":"2025-09-01T08:01:00","guid":{"rendered":"https:\/\/www.simplesdental.com\/blog\/?p=6050"},"modified":"2025-10-13T14:23:17","modified_gmt":"2025-10-13T17:23:17","slug":"setembro-amarelo-na-odontologia","status":"publish","type":"post","link":"https:\/\/www.simplesdental.com\/blog\/setembro-amarelo-na-odontologia\/","title":{"rendered":"Setembro Amarelo na odontologia: como o dentista impacta a autoestima e a sa\u00fade mental dos pacientes"},"content":{"rendered":"<div id=\"bsf_rt_marker\"><\/div>\n<p><em>Setembro Amarelo na odontologia<\/em><\/p>\n\n\n\n<p>Este \u00e9 o m\u00eas da campanha Setembro Amarelo, voltada para a valoriza\u00e7\u00e3o da vida e a promo\u00e7\u00e3o da sa\u00fade mental.&nbsp;<\/p>\n\n\n\n<p>A cada ano, a iniciativa cresce e ganha for\u00e7a em diferentes \u00e1reas da sa\u00fade, e a odontologia tamb\u00e9m tem um papel importante nesse movimento.<\/p>\n\n\n\n<p>Pode parecer surpreendente, mas como o dentista atua vai muito al\u00e9m de restaurar dentes ou alinhar sorrisos: o seu trabalho toca diretamente a autoestima e o bem-estar emocional de todos os pacientes.\u00a0<\/p>\n\n\n\n<p>Afinal, a sa\u00fade bucal tem uma liga\u00e7\u00e3o profunda com a forma como as pessoas se enxergam e se relacionam com o mundo.<\/p>\n\n\n\n<p>Neste artigo, vamos mostrar como trazer o Setembro Amarelo para a odontologia, explorando a rela\u00e7\u00e3o entre sorriso, autoestima e sa\u00fade mental, al\u00e9m de compartilhar pr\u00e1ticas para um <a href=\"https:\/\/www.simplesdental.com\/blog\/odontologia-comunitaria\/?utm_source=blogpost48&amp;utm_medium=blogsimplesdental&amp;utm_campaign=setembro+amarelo+na+odontologia&amp;utm_id=setembro+amarelo+na+odontologia&amp;utm_term=setembro+amarelo+na+odontologia&amp;utm_content=01-09-2025\" target=\"_blank\" rel=\"noreferrer noopener\">atendimento mais humano<\/a>, emp\u00e1tico e transformador.<\/p>\n\n\n\n<div id=\"ez-toc-container\" class=\"ez-toc-v2_0_82_2 counter-hierarchy ez-toc-counter ez-toc-custom ez-toc-container-direction\">\n<div class=\"ez-toc-title-container\">\n<p class=\"ez-toc-title ez-toc-toggle\" style=\"cursor:pointer\">Voc\u00ea encontrar\u00e1 nesse artigo:<\/p>\n<span class=\"ez-toc-title-toggle\"><\/span><\/div>\n<nav><ul class='ez-toc-list ez-toc-list-level-1 ' ><li class='ez-toc-page-1 ez-toc-heading-level-2'><a class=\"ez-toc-link ez-toc-heading-1\" href=\"https:\/\/www.simplesdental.com\/blog\/setembro-amarelo-na-odontologia\/#O_que_e_o_Setembro_Amarelo_e_como_ele_se_conecta_com_a_odontologia\" >O que \u00e9 o Setembro Amarelo e como ele se conecta com a odontologia<\/a><\/li><li class='ez-toc-page-1 ez-toc-heading-level-2'><a class=\"ez-toc-link ez-toc-heading-2\" href=\"https:\/\/www.simplesdental.com\/blog\/setembro-amarelo-na-odontologia\/#Saude_bucal_autoestima_e_saude_mental_uma_relacao_profunda\" >Sa\u00fade bucal, autoestima e sa\u00fade mental: uma rela\u00e7\u00e3o profunda<\/a><\/li><li class='ez-toc-page-1 ez-toc-heading-level-2'><a class=\"ez-toc-link ez-toc-heading-3\" href=\"https:\/\/www.simplesdental.com\/blog\/setembro-amarelo-na-odontologia\/#O_dentista_como_agente_de_acolhimento_e_transformacao\" >O dentista como agente de acolhimento e transforma\u00e7\u00e3o<\/a><\/li><li class='ez-toc-page-1 ez-toc-heading-level-2'><a class=\"ez-toc-link ez-toc-heading-4\" href=\"https:\/\/www.simplesdental.com\/blog\/setembro-amarelo-na-odontologia\/#Praticas_clinicas_para_um_atendimento_mais_humano\" >Pr\u00e1ticas cl\u00ednicas para um atendimento mais humano<\/a><\/li><li class='ez-toc-page-1 ez-toc-heading-level-2'><a class=\"ez-toc-link ez-toc-heading-5\" href=\"https:\/\/www.simplesdental.com\/blog\/setembro-amarelo-na-odontologia\/#Acoes_para_clinicas_odontologicas_durante_o_Setembro_Amarelo\" >A\u00e7\u00f5es para cl\u00ednicas odontol\u00f3gicas durante o Setembro Amarelo<\/a><\/li><li class='ez-toc-page-1 ez-toc-heading-level-2'><a class=\"ez-toc-link ez-toc-heading-6\" href=\"https:\/\/www.simplesdental.com\/blog\/setembro-amarelo-na-odontologia\/#Beneficios_de_unir_odontologia_e_saude_mental\" >Benef\u00edcios de unir odontologia e sa\u00fade mental<\/a><\/li><li class='ez-toc-page-1 ez-toc-heading-level-2'><a class=\"ez-toc-link ez-toc-heading-7\" href=\"https:\/\/www.simplesdental.com\/blog\/setembro-amarelo-na-odontologia\/#Setembro_Amarelo_na_odontologia_um_convite_para_refletir\" >Setembro Amarelo na odontologia: um convite para refletir<\/a><\/li><li class='ez-toc-page-1 ez-toc-heading-level-2'><a class=\"ez-toc-link ez-toc-heading-8\" href=\"https:\/\/www.simplesdental.com\/blog\/setembro-amarelo-na-odontologia\/#Perguntas_frequentes_sobre_Setembro_Amarelo_na_odontologia\" >Perguntas frequentes sobre Setembro Amarelo na odontologia<\/a><\/li><\/ul><\/nav><\/div>\n<h2 class=\"wp-block-heading\"><span class=\"ez-toc-section\" id=\"O_que_e_o_Setembro_Amarelo_e_como_ele_se_conecta_com_a_odontologia\"><\/span>O que \u00e9 o Setembro Amarelo e como ele se conecta com a odontologia<span class=\"ez-toc-section-end\"><\/span><\/h2>\n\n\n\n<p>Criada em 2015, no Brasil, a campanha Setembro Amarelo \u00e9 uma iniciativa da Associa\u00e7\u00e3o Brasileira de Psiquiatria (ABP) em parceria com o Conselho Federal de Medicina (CFM).&nbsp;<\/p>\n\n\n\n<p>O objetivo \u00e9 quebrar o tabu em torno da sa\u00fade mental, incentivar o di\u00e1logo e oferecer apoio a quem enfrenta dificuldades emocionais. Mas qual \u00e9 a conex\u00e3o com a odontologia?<\/p>\n\n\n\n<p>A resposta est\u00e1 no impacto que a sa\u00fade bucal exerce sobre a autoimagem. Um paciente que enfrenta problemas como dentes manchados, perda dent\u00e1ria, halitose ou dor cr\u00f4nica pode desenvolver sentimentos de vergonha, inseguran\u00e7a e at\u00e9 isolamento social.&nbsp;<\/p>\n\n\n\n<p>Isso pode agravar quadros de ansiedade e depress\u00e3o, diretamente ligados ao Setembro Amarelo. Ou seja, o dentista n\u00e3o cuida somente de dentes, cuida de sorrisos, e sorrisos t\u00eam tudo a ver com autoestima e sa\u00fade mental.<\/p>\n\n\n\n<h2 class=\"wp-block-heading\"><span class=\"ez-toc-section\" id=\"Saude_bucal_autoestima_e_saude_mental_uma_relacao_profunda\"><\/span>Sa\u00fade bucal, autoestima e sa\u00fade mental: uma rela\u00e7\u00e3o profunda<span class=\"ez-toc-section-end\"><\/span><\/h2>\n\n\n\n<p>Diversos estudos j\u00e1 comprovaram que pessoas insatisfeitas com o sorriso t\u00eam mais dificuldade de se relacionar, falar em p\u00fablico, sorrir em fotos e at\u00e9 buscar oportunidades profissionais.<\/p>\n\n\n\n<p>Um sorriso saud\u00e1vel \u00e9 um dos principais s\u00edmbolos de confian\u00e7a e acolhimento.<br>A aus\u00eancia ou a insatisfa\u00e7\u00e3o com ele pode gerar travas emocionais e sociais.<\/p>\n\n\n\n<p>Exemplo pr\u00e1tico: um paciente que evita sorrir porque sente vergonha dos dentes pode come\u00e7ar a se isolar em encontros sociais, perder autoestima e, em casos mais graves, entrar em um ciclo de tristeza que afeta a sua <a href=\"https:\/\/www.setembroamarelo.com\/\" target=\"_blank\" rel=\"noreferrer noopener\">sa\u00fade emoci<\/a><a href=\"https:\/\/www.setembroamarelo.com\/\">onal.<\/a><\/p>\n\n\n\n<p>Por isso, quando um dentista realiza um tratamento restaurador, ortod\u00f4ntico ou est\u00e9tico, ele n\u00e3o est\u00e1 somente entregando resultado cl\u00ednico, mas devolvendo dignidade, confian\u00e7a e esperan\u00e7a.<\/p>\n\n\n\n<h2 class=\"wp-block-heading\"><span class=\"ez-toc-section\" id=\"O_dentista_como_agente_de_acolhimento_e_transformacao\"><\/span>O dentista como agente de acolhimento e transforma\u00e7\u00e3o<span class=\"ez-toc-section-end\"><\/span><\/h2>\n\n\n\n<p>Dentro do Setembro Amarelo na odontologia, \u00e9 importante enxergar o profissional n\u00e3o apenas como um t\u00e9cnico, mas como um agente de transforma\u00e7\u00e3o emocional.<\/p>\n\n\n\n<p>Isso significa que, al\u00e9m de aplicar conhecimento cl\u00ednico, o dentista tamb\u00e9m pode:<\/p>\n\n\n\n<ul class=\"wp-block-list\">\n<li>Ouvir ativamente o paciente, entendendo as suas dores e expectativas.<br><\/li>\n\n\n\n<li>Comunicar-se de forma clara, evitando termos que gerem medo ou julgamento.<br><\/li>\n\n\n\n<li>Demonstrar empatia em cada etapa do atendimento.<br><\/li>\n\n\n\n<li>Reconhecer que o impacto do tratamento vai al\u00e9m da cl\u00ednica.<\/li>\n<\/ul>\n\n\n\n<p>Em muitos casos, o dentista \u00e9 a primeira pessoa a perceber sinais de baixa autoestima ou sofrimento emocional, podendo orientar o paciente a buscar apoio especializado quando necess\u00e1rio. Essa postura amplia a relev\u00e2ncia do profissional na jornada de sa\u00fade integral do indiv\u00edduo.<\/p>\n\n\n\n<h2 class=\"wp-block-heading\"><span class=\"ez-toc-section\" id=\"Praticas_clinicas_para_um_atendimento_mais_humano\"><\/span>Pr\u00e1ticas cl\u00ednicas para um atendimento mais humano<span class=\"ez-toc-section-end\"><\/span><\/h2>\n\n\n\n<p>Para colocar o Setembro Amarelo em pr\u00e1tica na cl\u00ednica odontol\u00f3gica, algumas atitudes simples podem fazer uma grande diferen\u00e7a:<\/p>\n\n\n\n<ol class=\"wp-block-list\">\n<li>Escuta ativa &#8211; Reserve alguns minutos para deixar o paciente falar livremente sobre as suas queixas e expectativas. Muitas vezes, ele n\u00e3o quer somente resolver um problema est\u00e9tico, mas recuperar a confian\u00e7a perdida.<br><\/li>\n\n\n\n<li>Empatia na comunica\u00e7\u00e3o &#8211; Evite julgamentos ou frases que possam soar como cr\u00edtica. Troque termos t\u00e9cnicos complicados por explica\u00e7\u00f5es acess\u00edveis, transmitindo seguran\u00e7a e acolhimento.<br><\/li>\n\n\n\n<li>Ambiente humanizado &#8211; O espa\u00e7o f\u00edsico da cl\u00ednica tamb\u00e9m influencia no estado emocional do paciente. Uma recep\u00e7\u00e3o agrad\u00e1vel, cores suaves e uma equipe atenciosa ajudam a reduzir a ansiedade.<br><\/li>\n\n\n\n<li>Valoriza\u00e7\u00e3o das conquistas &#8211; Celebre cada etapa conclu\u00edda do tratamento. Mostrar ao paciente os avan\u00e7os aumenta a motiva\u00e7\u00e3o e refor\u00e7a o impacto positivo do trabalho do dentista.<\/li>\n<\/ol>\n\n\n\n<figure class=\"wp-block-image size-full\"><a href=\"https:\/\/www.dentalcremer.com.br?utm_source=blogpost48&amp;utm_medium=blogsimplesdental&amp;utm_campaign=setembro+amarelo+na+odontologia&amp;utm_id=setembro+amarelo+na+odontologia&amp;utm_term=setembro+amarelo+na+odontologia&amp;utm_content=01-09-2025\" target=\"_blank\" rel=\"noreferrer noopener\"><img loading=\"lazy\" decoding=\"async\" width=\"768\" height=\"204\" src=\"https:\/\/www.simplesdental.com\/wp-content\/uploads\/2025\/07\/333a54e2-a101-4c2b-9eaf-83b69a08c2a6.png\" alt=\"Cupom de desconto Dental Cremer\" class=\"wp-image-5539\" srcset=\"https:\/\/www.simplesdental.com\/wp-content\/uploads\/2025\/07\/333a54e2-a101-4c2b-9eaf-83b69a08c2a6.png 768w, https:\/\/www.simplesdental.com\/wp-content\/uploads\/2025\/07\/333a54e2-a101-4c2b-9eaf-83b69a08c2a6-300x80.png 300w\" sizes=\"auto, (max-width: 768px) 100vw, 768px\" \/><\/a><\/figure>\n\n\n\n<h2 class=\"wp-block-heading\"><span class=\"ez-toc-section\" id=\"Acoes_para_clinicas_odontologicas_durante_o_Setembro_Amarelo\"><\/span>A\u00e7\u00f5es para cl\u00ednicas odontol\u00f3gicas durante o Setembro Amarelo<span class=\"ez-toc-section-end\"><\/span><\/h2>\n\n\n\n<p>Al\u00e9m de mudar pequenas pr\u00e1ticas no dia a dia, dentistas e cl\u00ednicas podem participar ativamente da campanha Setembro Amarelo, mostrando o seu engajamento com a sa\u00fade integral dos pacientes. Algumas ideias:<\/p>\n\n\n\n<ul class=\"wp-block-list\">\n<li>Criar conte\u00fados nas redes sociais sobre a import\u00e2ncia da sa\u00fade bucal na autoestima.<br><\/li>\n\n\n\n<li>Decorar a cl\u00ednica com a cor amarela, s\u00edmbolo da campanha.<br><\/li>\n\n\n\n<li>Promover palestras ou rodas de conversa sobre sa\u00fade mental e autocuidado.<br><\/li>\n\n\n\n<li>Estabelecer parcerias com psic\u00f3logos e outros profissionais da sa\u00fade para oferecer uma rede de apoio integrada.<\/li>\n<\/ul>\n\n\n\n<p>Essas a\u00e7\u00f5es n\u00e3o somente fortalecem a imagem da cl\u00ednica, mas tamb\u00e9m refor\u00e7am que a cl\u00ednica \u00e9 um espa\u00e7o de cuidado integral.<\/p>\n\n\n\n<h2 class=\"wp-block-heading\"><span class=\"ez-toc-section\" id=\"Beneficios_de_unir_odontologia_e_saude_mental\"><\/span>Benef\u00edcios de unir odontologia e sa\u00fade mental<span class=\"ez-toc-section-end\"><\/span><\/h2>\n\n\n\n<p>Trabalhar a conex\u00e3o entre Setembro Amarelo e odontologia gera benef\u00edcios tanto para o paciente quanto para o dentista:<\/p>\n\n\n\n<ul class=\"wp-block-list\">\n<li>Para o paciente: mais confian\u00e7a, autoestima elevada e sensa\u00e7\u00e3o de acolhimento.<br><\/li>\n\n\n\n<li>Para o dentista: constru\u00e7\u00e3o de relacionamentos s\u00f3lidos, fideliza\u00e7\u00e3o e maior satisfa\u00e7\u00e3o profissional.<br><\/li>\n\n\n\n<li>Para a cl\u00ednica: diferencia\u00e7\u00e3o no mercado, fortalecimento da marca e gera\u00e7\u00e3o de indica\u00e7\u00f5es espont\u00e2neas.<\/li>\n<\/ul>\n\n\n\n<p>No fim das contas, todos saem ganhando quando o atendimento vai al\u00e9m do aspecto t\u00e9cnico e incorpora o cuidado humano.<\/p>\n\n\n\n<h2 class=\"wp-block-heading\"><span class=\"ez-toc-section\" id=\"Setembro_Amarelo_na_odontologia_um_convite_para_refletir\"><\/span>Setembro Amarelo na odontologia: um convite para refletir<span class=\"ez-toc-section-end\"><\/span><\/h2>\n\n\n\n<p>O Setembro Amarelo na odontologia \u00e9 uma oportunidade para os dentistas ampliarem o seu olhar.&nbsp;<\/p>\n\n\n\n<p>Mais do que restaurar dentes, o trabalho do profissional transforma hist\u00f3rias, resgata autoestima e impacta diretamente a sa\u00fade emocional dos pacientes.<\/p>\n\n\n\n<p>Ao adotar pr\u00e1ticas de escuta, empatia e acolhimento, o dentista fortalece v\u00ednculos e se torna parte ativa na promo\u00e7\u00e3o do bem-estar.&nbsp;<\/p>\n\n\n\n<p>E ao trazer a campanha para a cl\u00ednica, refor\u00e7a o seu compromisso com uma sociedade mais saud\u00e1vel e humana. Cada sorriso devolvido \u00e9 tamb\u00e9m uma chance de devolver esperan\u00e7a.<\/p>\n\n\n\n<p>E para que voc\u00ea, dentista, consiga dedicar mais tempo ao paciente e menos \u00e0s burocracias do dia a dia, conte com o <a href=\"https:\/\/www.simplesdental.com\/planos-e-precos?utm_source=blogpost48&amp;utm_medium=blogsimplesdental&amp;utm_campaign=setembro+amarelo+na+odontologia&amp;utm_id=setembro+amarelo+na+odontologia&amp;utm_term=setembro+amarelo+na+odontologia&amp;utm_content=01-09-2025\" target=\"_blank\" rel=\"noreferrer noopener\">Simples Dental<\/a>.&nbsp;<\/p>\n\n\n\n<p>Um sistema de gest\u00e3o completo que organiza a sua agenda, prontu\u00e1rios e finan\u00e7as, permitindo que voc\u00ea foque no que realmente importa: transformar vidas atrav\u00e9s do seu trabalho.<\/p>\n\n\n\n<h2 class=\"wp-block-heading\"><span class=\"ez-toc-section\" id=\"Perguntas_frequentes_sobre_Setembro_Amarelo_na_odontologia\"><\/span>Perguntas frequentes sobre Setembro Amarelo na odontologia<span class=\"ez-toc-section-end\"><\/span><\/h2>\n\n\n\n<p>Antes de encerrar, reunimos algumas das d\u00favidas mais comuns sobre o tema. Essas perguntas frequentes podem ajudar dentistas a entender melhor como aplicar o Setembro Amarelo na pr\u00e1tica cl\u00ednica e qual \u00e9 o verdadeiro impacto dessa campanha na odontologia.<\/p>\n\n\n\n<h3 class=\"wp-block-heading\">1. Qual a import\u00e2ncia do Setembro Amarelo para dentistas?<\/h3>\n\n\n\n<p>O Setembro Amarelo refor\u00e7a que a sa\u00fade mental deve ser cuidada por todos os profissionais de sa\u00fade. Para dentistas, \u00e9 a chance de mostrar que o sorriso est\u00e1 diretamente ligado \u00e0 autoestima e ao bem-estar emocional.<\/p>\n\n\n\n<h3 class=\"wp-block-heading\">2. Como o dentista pode contribuir com o Setembro Amarelo?<\/h3>\n\n\n\n<p>Adotando uma postura acolhedora na cl\u00ednica, promovendo campanhas educativas e mostrando aos pacientes que cuidar da sa\u00fade bucal tamb\u00e9m \u00e9 cuidar da sa\u00fade emocional.<\/p>\n\n\n\n<h3 class=\"wp-block-heading\">3. De que forma a sa\u00fade bucal influencia a autoestima?<\/h3>\n\n\n\n<p>Problemas como dentes manchados, desalinhados ou a perda dent\u00e1ria podem gerar vergonha e inseguran\u00e7a, enquanto um sorriso saud\u00e1vel aumenta a confian\u00e7a e melhora os relacionamentos sociais.<\/p>\n\n\n\n<h3 class=\"wp-block-heading\">4. Que a\u00e7\u00f5es simples a cl\u00ednica pode adotar no Setembro Amarelo?<\/h3>\n\n\n\n<p>Decorar o ambiente com amarelo, criar postagens educativas nas redes sociais, oferecer palestras sobre autocuidado e firmar parcerias com psic\u00f3logos s\u00e3o iniciativas que fazem a diferen\u00e7a.<\/p>\n\n\n\n<h3 class=\"wp-block-heading\">5. Por que o dentista deve olhar al\u00e9m da parte t\u00e9cnica?<\/h3>\n\n\n\n<p>Porque cada tratamento influencia n\u00e3o somente a boca, mas tamb\u00e9m a vida e a autoestima do paciente. Um atendimento mais humano fortalece v\u00ednculos e gera impacto positivo duradouro.<\/p>\n\n\n\n<figure class=\"wp-block-image size-full\"><a href=\"https:\/\/conteudo.simplesdental.com\/lp-newsletter?utm_source=blogpost48&amp;utm_medium=blogsimplesdental&amp;utm_campaign=setembro+amarelo+na+odontologia&amp;utm_id=setembro+amarelo+na+odontologia&amp;utm_term=setembro+amarelo+na+odontologia&amp;utm_content=01-09-2025\" target=\"_blank\" rel=\"noreferrer noopener\"><img loading=\"lazy\" decoding=\"async\" width=\"864\" height=\"406\" src=\"https:\/\/www.simplesdental.com\/wp-content\/uploads\/2025\/06\/Banner_Blogspot13_corpo.png\" alt=\"Newsletter Simples Dental\" class=\"wp-image-5146\" srcset=\"https:\/\/www.simplesdental.com\/wp-content\/uploads\/2025\/06\/Banner_Blogspot13_corpo.png 864w, https:\/\/www.simplesdental.com\/wp-content\/uploads\/2025\/06\/Banner_Blogspot13_corpo-300x141.png 300w, https:\/\/www.simplesdental.com\/wp-content\/uploads\/2025\/06\/Banner_Blogspot13_corpo-768x361.png 768w\" sizes=\"auto, (max-width: 864px) 100vw, 864px\" \/><\/a><\/figure>\n","protected":false},"excerpt":{"rendered":"<p>Setembro Amarelo na odontologia Este &eacute; o m&ecirc;s da campanha Setembro Amarelo, voltada para a valoriza&ccedil;&atilde;o da vida e a promo&ccedil;&atilde;o da sa&uacute;de mental.&nbsp; A cada ano, a iniciativa cresce e ganha for&ccedil;a em diferentes &aacute;reas da sa&uacute;de, e a odontologia tamb&eacute;m tem um papel importante nesse movimento. Pode parecer surpreendente, mas como o dentista [&hellip;]<\/p>\n","protected":false},"author":1761,"featured_media":6041,"comment_status":"open","ping_status":"open","sticky":false,"template":"","format":"standard","meta":{"content-type":"","footnotes":""},"categories":[22],"tags":[506,126,505],"class_list":["post-6050","post","type-post","status-publish","format-standard","has-post-thumbnail","hentry","category-atendimento-odontologico","tag-escuta-ativa-na-odontologia","tag-odontologia-humanizada","tag-saude-mental-na-odontologia"],"contentshake_article_id":"","yoast_head":"<!-- This site is optimized with the Yoast SEO plugin v27.5 - https:\/\/yoast.com\/product\/yoast-seo-wordpress\/ -->\n<title>Setembro Amarelo na odontologia | Promova sa\u00fade mental<\/title>\n<meta name=\"description\" content=\"Entenda como o Setembro Amarelo na odontologia pode impactar a autoestima e o bem-estar emocional dos pacientes.\" \/>\n<meta name=\"robots\" content=\"index, follow, max-snippet:-1, max-image-preview:large, max-video-preview:-1\" \/>\n<link rel=\"canonical\" href=\"https:\/\/www.simplesdental.com\/blog\/setembro-amarelo-na-odontologia\/\" \/>\n<meta property=\"og:locale\" content=\"pt_BR\" \/>\n<meta property=\"og:type\" content=\"article\" \/>\n<meta property=\"og:title\" content=\"Setembro Amarelo na odontologia | Promova sa\u00fade mental\" \/>\n<meta property=\"og:description\" content=\"Entenda como o Setembro Amarelo na odontologia pode impactar a autoestima e o bem-estar emocional dos pacientes.\" \/>\n<meta property=\"og:url\" content=\"https:\/\/www.simplesdental.com\/blog\/setembro-amarelo-na-odontologia\/\" \/>\n<meta property=\"og:site_name\" content=\"Simples Dental\" \/>\n<meta property=\"article:publisher\" content=\"https:\/\/www.facebook.com\/simplesdental\/\" \/>\n<meta property=\"article:published_time\" content=\"2025-09-01T08:01:00+00:00\" \/>\n<meta property=\"article:modified_time\" content=\"2025-10-13T17:23:17+00:00\" \/>\n<meta property=\"og:image\" content=\"https:\/\/www.simplesdental.com\/wp-content\/uploads\/2025\/08\/Blogspot48.png\" \/>\n\t<meta property=\"og:image:width\" content=\"864\" \/>\n\t<meta property=\"og:image:height\" content=\"406\" \/>\n\t<meta property=\"og:image:type\" content=\"image\/png\" \/>\n<meta name=\"author\" content=\"Larissa Sanders\" \/>\n<meta name=\"twitter:card\" content=\"summary_large_image\" \/>\n<meta name=\"twitter:label1\" content=\"Escrito por\" \/>\n\t<meta name=\"twitter:data1\" content=\"Larissa Sanders\" \/>\n\t<meta name=\"twitter:label2\" content=\"Est. tempo de leitura\" \/>\n\t<meta name=\"twitter:data2\" content=\"8 minutos\" \/>\n<script type=\"application\/ld+json\" class=\"yoast-schema-graph\">{\"@context\":\"https:\\\/\\\/schema.org\",\"@graph\":[{\"@type\":\"Article\",\"@id\":\"https:\\\/\\\/www.simplesdental.com\\\/blog\\\/setembro-amarelo-na-odontologia\\\/#article\",\"isPartOf\":{\"@id\":\"https:\\\/\\\/www.simplesdental.com\\\/blog\\\/setembro-amarelo-na-odontologia\\\/\"},\"author\":{\"name\":\"Larissa Sanders\",\"@id\":\"https:\\\/\\\/www.simplesdental.com\\\/blog\\\/#\\\/schema\\\/person\\\/1f40bb954f9bd74ff61928d103c2e352\"},\"headline\":\"Setembro Amarelo na odontologia: como o dentista impacta a autoestima e a sa\u00fade mental dos pacientes\",\"datePublished\":\"2025-09-01T08:01:00+00:00\",\"dateModified\":\"2025-10-13T17:23:17+00:00\",\"mainEntityOfPage\":{\"@id\":\"https:\\\/\\\/www.simplesdental.com\\\/blog\\\/setembro-amarelo-na-odontologia\\\/\"},\"wordCount\":1406,\"commentCount\":0,\"publisher\":{\"@id\":\"https:\\\/\\\/www.simplesdental.com\\\/blog\\\/#organization\"},\"image\":{\"@id\":\"https:\\\/\\\/www.simplesdental.com\\\/blog\\\/setembro-amarelo-na-odontologia\\\/#primaryimage\"},\"thumbnailUrl\":\"https:\\\/\\\/www.simplesdental.com\\\/wp-content\\\/uploads\\\/2025\\\/08\\\/Blogspot48.png\",\"keywords\":[\"Escuta ativa na odontologia\",\"Odontologia humanizada\",\"Sa\u00fade mental na odontologia\"],\"articleSection\":[\"Atendimento\"],\"inLanguage\":\"pt-BR\",\"potentialAction\":[{\"@type\":\"CommentAction\",\"name\":\"Comment\",\"target\":[\"https:\\\/\\\/www.simplesdental.com\\\/blog\\\/setembro-amarelo-na-odontologia\\\/#respond\"]}]},{\"@type\":\"WebPage\",\"@id\":\"https:\\\/\\\/www.simplesdental.com\\\/blog\\\/setembro-amarelo-na-odontologia\\\/\",\"url\":\"https:\\\/\\\/www.simplesdental.com\\\/blog\\\/setembro-amarelo-na-odontologia\\\/\",\"name\":\"Setembro Amarelo na odontologia | Promova sa\u00fade mental\",\"isPartOf\":{\"@id\":\"https:\\\/\\\/www.simplesdental.com\\\/blog\\\/#website\"},\"primaryImageOfPage\":{\"@id\":\"https:\\\/\\\/www.simplesdental.com\\\/blog\\\/setembro-amarelo-na-odontologia\\\/#primaryimage\"},\"image\":{\"@id\":\"https:\\\/\\\/www.simplesdental.com\\\/blog\\\/setembro-amarelo-na-odontologia\\\/#primaryimage\"},\"thumbnailUrl\":\"https:\\\/\\\/www.simplesdental.com\\\/wp-content\\\/uploads\\\/2025\\\/08\\\/Blogspot48.png\",\"datePublished\":\"2025-09-01T08:01:00+00:00\",\"dateModified\":\"2025-10-13T17:23:17+00:00\",\"description\":\"Entenda como o Setembro Amarelo na odontologia pode impactar a autoestima e o bem-estar emocional dos pacientes.\",\"breadcrumb\":{\"@id\":\"https:\\\/\\\/www.simplesdental.com\\\/blog\\\/setembro-amarelo-na-odontologia\\\/#breadcrumb\"},\"inLanguage\":\"pt-BR\",\"potentialAction\":[{\"@type\":\"ReadAction\",\"target\":[\"https:\\\/\\\/www.simplesdental.com\\\/blog\\\/setembro-amarelo-na-odontologia\\\/\"]}]},{\"@type\":\"ImageObject\",\"inLanguage\":\"pt-BR\",\"@id\":\"https:\\\/\\\/www.simplesdental.com\\\/blog\\\/setembro-amarelo-na-odontologia\\\/#primaryimage\",\"url\":\"https:\\\/\\\/www.simplesdental.com\\\/wp-content\\\/uploads\\\/2025\\\/08\\\/Blogspot48.png\",\"contentUrl\":\"https:\\\/\\\/www.simplesdental.com\\\/wp-content\\\/uploads\\\/2025\\\/08\\\/Blogspot48.png\",\"width\":864,\"height\":406,\"caption\":\"Setembro Amarelo na odontologia\"},{\"@type\":\"BreadcrumbList\",\"@id\":\"https:\\\/\\\/www.simplesdental.com\\\/blog\\\/setembro-amarelo-na-odontologia\\\/#breadcrumb\",\"itemListElement\":[{\"@type\":\"ListItem\",\"position\":1,\"name\":\"Home\",\"item\":\"https:\\\/\\\/www.simplesdental.com\\\/blog\\\/\"},{\"@type\":\"ListItem\",\"position\":2,\"name\":\"Setembro Amarelo na odontologia: como o dentista impacta a autoestima e a sa\u00fade mental dos pacientes\"}]},{\"@type\":\"WebSite\",\"@id\":\"https:\\\/\\\/www.simplesdental.com\\\/blog\\\/#website\",\"url\":\"https:\\\/\\\/www.simplesdental.com\\\/blog\\\/\",\"name\":\"Simples Dental\",\"description\":\"O melhor software odontol\u00f3gico da Am\u00e9rica Latina\",\"publisher\":{\"@id\":\"https:\\\/\\\/www.simplesdental.com\\\/blog\\\/#organization\"},\"alternateName\":\"Simples Dental - O Maior Software de gest\u00e3o odontol\u00f3gico da Am\u00e9rica Latina\",\"potentialAction\":[{\"@type\":\"SearchAction\",\"target\":{\"@type\":\"EntryPoint\",\"urlTemplate\":\"https:\\\/\\\/www.simplesdental.com\\\/blog\\\/?s={search_term_string}\"},\"query-input\":{\"@type\":\"PropertyValueSpecification\",\"valueRequired\":true,\"valueName\":\"search_term_string\"}}],\"inLanguage\":\"pt-BR\"},{\"@type\":\"Organization\",\"@id\":\"https:\\\/\\\/www.simplesdental.com\\\/blog\\\/#organization\",\"name\":\"Simpes Dental\",\"alternateName\":\"Simples Dental - O Maior Software de gest\u00e3o odontol\u00f3gico da Am\u00e9rica Latina\",\"url\":\"https:\\\/\\\/www.simplesdental.com\\\/blog\\\/\",\"logo\":{\"@type\":\"ImageObject\",\"inLanguage\":\"pt-BR\",\"@id\":\"https:\\\/\\\/www.simplesdental.com\\\/blog\\\/#\\\/schema\\\/logo\\\/image\\\/\",\"url\":\"https:\\\/\\\/www.simplesdental.com\\\/wp-content\\\/uploads\\\/2018\\\/02\\\/simplesdental-logo.png\",\"contentUrl\":\"https:\\\/\\\/www.simplesdental.com\\\/wp-content\\\/uploads\\\/2018\\\/02\\\/simplesdental-logo.png\",\"width\":928,\"height\":184,\"caption\":\"Simpes Dental\"},\"image\":{\"@id\":\"https:\\\/\\\/www.simplesdental.com\\\/blog\\\/#\\\/schema\\\/logo\\\/image\\\/\"},\"sameAs\":[\"https:\\\/\\\/www.facebook.com\\\/simplesdental\\\/\",\"https:\\\/\\\/www.instagram.com\\\/simplesdental\\\/\",\"https:\\\/\\\/www.linkedin.com\\\/company\\\/simples-dental\",\"https:\\\/\\\/www.youtube.com\\\/channel\\\/UCyI9WDzbJj8g8rSlBFY5qCg\"]},{\"@type\":\"Person\",\"@id\":\"https:\\\/\\\/www.simplesdental.com\\\/blog\\\/#\\\/schema\\\/person\\\/1f40bb954f9bd74ff61928d103c2e352\",\"name\":\"Larissa Sanders\",\"image\":{\"@type\":\"ImageObject\",\"inLanguage\":\"pt-BR\",\"@id\":\"https:\\\/\\\/www.simplesdental.com\\\/wp-content\\\/uploads\\\/2025\\\/06\\\/20250624_203533-150x150.jpg\",\"url\":\"https:\\\/\\\/www.simplesdental.com\\\/wp-content\\\/uploads\\\/2025\\\/06\\\/20250624_203533-150x150.jpg\",\"contentUrl\":\"https:\\\/\\\/www.simplesdental.com\\\/wp-content\\\/uploads\\\/2025\\\/06\\\/20250624_203533-150x150.jpg\",\"caption\":\"Larissa Sanders\"},\"sameAs\":[\"https:\\\/\\\/www.linkedin.com\\\/in\\\/laricsanders\\\/\"],\"url\":\"https:\\\/\\\/www.simplesdental.com\\\/blog\\\/author\\\/larissa-sanders\\\/\"}]}<\/script>\n<!-- \/ Yoast SEO plugin. -->","yoast_head_json":{"title":"Setembro Amarelo na odontologia | Promova sa\u00fade mental","description":"Entenda como o Setembro Amarelo na odontologia pode impactar a autoestima e o bem-estar emocional dos pacientes.","robots":{"index":"index","follow":"follow","max-snippet":"max-snippet:-1","max-image-preview":"max-image-preview:large","max-video-preview":"max-video-preview:-1"},"canonical":"https:\/\/www.simplesdental.com\/blog\/setembro-amarelo-na-odontologia\/","og_locale":"pt_BR","og_type":"article","og_title":"Setembro Amarelo na odontologia | Promova sa\u00fade mental","og_description":"Entenda como o Setembro Amarelo na odontologia pode impactar a autoestima e o bem-estar emocional dos pacientes.","og_url":"https:\/\/www.simplesdental.com\/blog\/setembro-amarelo-na-odontologia\/","og_site_name":"Simples Dental","article_publisher":"https:\/\/www.facebook.com\/simplesdental\/","article_published_time":"2025-09-01T08:01:00+00:00","article_modified_time":"2025-10-13T17:23:17+00:00","og_image":[{"width":864,"height":406,"url":"https:\/\/www.simplesdental.com\/wp-content\/uploads\/2025\/08\/Blogspot48.png","type":"image\/png"}],"author":"Larissa Sanders","twitter_card":"summary_large_image","twitter_misc":{"Escrito por":"Larissa Sanders","Est. tempo de leitura":"8 minutos"},"schema":{"@context":"https:\/\/schema.org","@graph":[{"@type":"Article","@id":"https:\/\/www.simplesdental.com\/blog\/setembro-amarelo-na-odontologia\/#article","isPartOf":{"@id":"https:\/\/www.simplesdental.com\/blog\/setembro-amarelo-na-odontologia\/"},"author":{"name":"Larissa Sanders","@id":"https:\/\/www.simplesdental.com\/blog\/#\/schema\/person\/1f40bb954f9bd74ff61928d103c2e352"},"headline":"Setembro Amarelo na odontologia: como o dentista impacta a autoestima e a sa\u00fade mental dos pacientes","datePublished":"2025-09-01T08:01:00+00:00","dateModified":"2025-10-13T17:23:17+00:00","mainEntityOfPage":{"@id":"https:\/\/www.simplesdental.com\/blog\/setembro-amarelo-na-odontologia\/"},"wordCount":1406,"commentCount":0,"publisher":{"@id":"https:\/\/www.simplesdental.com\/blog\/#organization"},"image":{"@id":"https:\/\/www.simplesdental.com\/blog\/setembro-amarelo-na-odontologia\/#primaryimage"},"thumbnailUrl":"https:\/\/www.simplesdental.com\/wp-content\/uploads\/2025\/08\/Blogspot48.png","keywords":["Escuta ativa na odontologia","Odontologia humanizada","Sa\u00fade mental na odontologia"],"articleSection":["Atendimento"],"inLanguage":"pt-BR","potentialAction":[{"@type":"CommentAction","name":"Comment","target":["https:\/\/www.simplesdental.com\/blog\/setembro-amarelo-na-odontologia\/#respond"]}]},{"@type":"WebPage","@id":"https:\/\/www.simplesdental.com\/blog\/setembro-amarelo-na-odontologia\/","url":"https:\/\/www.simplesdental.com\/blog\/setembro-amarelo-na-odontologia\/","name":"Setembro Amarelo na odontologia | Promova sa\u00fade mental","isPartOf":{"@id":"https:\/\/www.simplesdental.com\/blog\/#website"},"primaryImageOfPage":{"@id":"https:\/\/www.simplesdental.com\/blog\/setembro-amarelo-na-odontologia\/#primaryimage"},"image":{"@id":"https:\/\/www.simplesdental.com\/blog\/setembro-amarelo-na-odontologia\/#primaryimage"},"thumbnailUrl":"https:\/\/www.simplesdental.com\/wp-content\/uploads\/2025\/08\/Blogspot48.png","datePublished":"2025-09-01T08:01:00+00:00","dateModified":"2025-10-13T17:23:17+00:00","description":"Entenda como o Setembro Amarelo na odontologia pode impactar a autoestima e o bem-estar emocional dos pacientes.","breadcrumb":{"@id":"https:\/\/www.simplesdental.com\/blog\/setembro-amarelo-na-odontologia\/#breadcrumb"},"inLanguage":"pt-BR","potentialAction":[{"@type":"ReadAction","target":["https:\/\/www.simplesdental.com\/blog\/setembro-amarelo-na-odontologia\/"]}]},{"@type":"ImageObject","inLanguage":"pt-BR","@id":"https:\/\/www.simplesdental.com\/blog\/setembro-amarelo-na-odontologia\/#primaryimage","url":"https:\/\/www.simplesdental.com\/wp-content\/uploads\/2025\/08\/Blogspot48.png","contentUrl":"https:\/\/www.simplesdental.com\/wp-content\/uploads\/2025\/08\/Blogspot48.png","width":864,"height":406,"caption":"Setembro Amarelo na odontologia"},{"@type":"BreadcrumbList","@id":"https:\/\/www.simplesdental.com\/blog\/setembro-amarelo-na-odontologia\/#breadcrumb","itemListElement":[{"@type":"ListItem","position":1,"name":"Home","item":"https:\/\/www.simplesdental.com\/blog\/"},{"@type":"ListItem","position":2,"name":"Setembro Amarelo na odontologia: como o dentista impacta a autoestima e a sa\u00fade mental dos pacientes"}]},{"@type":"WebSite","@id":"https:\/\/www.simplesdental.com\/blog\/#website","url":"https:\/\/www.simplesdental.com\/blog\/","name":"Simples Dental","description":"O melhor software odontol\u00f3gico da Am\u00e9rica Latina","publisher":{"@id":"https:\/\/www.simplesdental.com\/blog\/#organization"},"alternateName":"Simples Dental - O Maior Software de gest\u00e3o odontol\u00f3gico da Am\u00e9rica Latina","potentialAction":[{"@type":"SearchAction","target":{"@type":"EntryPoint","urlTemplate":"https:\/\/www.simplesdental.com\/blog\/?s={search_term_string}"},"query-input":{"@type":"PropertyValueSpecification","valueRequired":true,"valueName":"search_term_string"}}],"inLanguage":"pt-BR"},{"@type":"Organization","@id":"https:\/\/www.simplesdental.com\/blog\/#organization","name":"Simpes Dental","alternateName":"Simples Dental - O Maior Software de gest\u00e3o odontol\u00f3gico da Am\u00e9rica Latina","url":"https:\/\/www.simplesdental.com\/blog\/","logo":{"@type":"ImageObject","inLanguage":"pt-BR","@id":"https:\/\/www.simplesdental.com\/blog\/#\/schema\/logo\/image\/","url":"https:\/\/www.simplesdental.com\/wp-content\/uploads\/2018\/02\/simplesdental-logo.png","contentUrl":"https:\/\/www.simplesdental.com\/wp-content\/uploads\/2018\/02\/simplesdental-logo.png","width":928,"height":184,"caption":"Simpes Dental"},"image":{"@id":"https:\/\/www.simplesdental.com\/blog\/#\/schema\/logo\/image\/"},"sameAs":["https:\/\/www.facebook.com\/simplesdental\/","https:\/\/www.instagram.com\/simplesdental\/","https:\/\/www.linkedin.com\/company\/simples-dental","https:\/\/www.youtube.com\/channel\/UCyI9WDzbJj8g8rSlBFY5qCg"]},{"@type":"Person","@id":"https:\/\/www.simplesdental.com\/blog\/#\/schema\/person\/1f40bb954f9bd74ff61928d103c2e352","name":"Larissa Sanders","image":{"@type":"ImageObject","inLanguage":"pt-BR","@id":"https:\/\/www.simplesdental.com\/wp-content\/uploads\/2025\/06\/20250624_203533-150x150.jpg","url":"https:\/\/www.simplesdental.com\/wp-content\/uploads\/2025\/06\/20250624_203533-150x150.jpg","contentUrl":"https:\/\/www.simplesdental.com\/wp-content\/uploads\/2025\/06\/20250624_203533-150x150.jpg","caption":"Larissa Sanders"},"sameAs":["https:\/\/www.linkedin.com\/in\/laricsanders\/"],"url":"https:\/\/www.simplesdental.com\/blog\/author\/larissa-sanders\/"}]}},"_links":{"self":[{"href":"https:\/\/www.simplesdental.com\/blog\/wp-json\/wp\/v2\/posts\/6050","targetHints":{"allow":["GET"]}}],"collection":[{"href":"https:\/\/www.simplesdental.com\/blog\/wp-json\/wp\/v2\/posts"}],"about":[{"href":"https:\/\/www.simplesdental.com\/blog\/wp-json\/wp\/v2\/types\/post"}],"author":[{"embeddable":true,"href":"https:\/\/www.simplesdental.com\/blog\/wp-json\/wp\/v2\/users\/1761"}],"replies":[{"embeddable":true,"href":"https:\/\/www.simplesdental.com\/blog\/wp-json\/wp\/v2\/comments?post=6050"}],"version-history":[{"count":7,"href":"https:\/\/www.simplesdental.com\/blog\/wp-json\/wp\/v2\/posts\/6050\/revisions"}],"predecessor-version":[{"id":6376,"href":"https:\/\/www.simplesdental.com\/blog\/wp-json\/wp\/v2\/posts\/6050\/revisions\/6376"}],"wp:featuredmedia":[{"embeddable":true,"href":"https:\/\/www.simplesdental.com\/blog\/wp-json\/wp\/v2\/media\/6041"}],"wp:attachment":[{"href":"https:\/\/www.simplesdental.com\/blog\/wp-json\/wp\/v2\/media?parent=6050"}],"wp:term":[{"taxonomy":"category","embeddable":true,"href":"https:\/\/www.simplesdental.com\/blog\/wp-json\/wp\/v2\/categories?post=6050"},{"taxonomy":"post_tag","embeddable":true,"href":"https:\/\/www.simplesdental.com\/blog\/wp-json\/wp\/v2\/tags?post=6050"}],"curies":[{"name":"wp","href":"https:\/\/api.w.org\/{rel}","templated":true}]}}