{"id":6923,"date":"2026-02-02T08:00:00","date_gmt":"2026-02-02T11:00:00","guid":{"rendered":"https:\/\/www.simplesdental.com\/blog\/?p=6923"},"modified":"2026-02-28T15:07:33","modified_gmt":"2026-02-28T18:07:33","slug":"fevereiro-roxo-e-laranja-na-odontologia","status":"publish","type":"post","link":"https:\/\/www.simplesdental.com\/blog\/fevereiro-roxo-e-laranja-na-odontologia\/","title":{"rendered":"Fevereiro roxo e laranja na odontologia: o papel do dentista no diagn\u00f3stico"},"content":{"rendered":"<div id=\"bsf_rt_marker\"><\/div>\n<p>Fevereiro roxo e laranja na odontologia representam uma oportunidade \u00fanica para dentistas, administradores e secret\u00e1rias. Este per\u00edodo demonstra que o cuidado em uma unidade de sa\u00fade vai muito al\u00e9m dos dentes.<\/p>\n\n\n\n<p>Como \u00e9 de conhecimento geral, o cirurgi\u00e3o-dentista \u00e9, muitas vezes, o profissional que mant\u00e9m contato frequente com o paciente.<\/p>\n\n\n\n<p>Essa posi\u00e7\u00e3o privilegiada permite identificar sinais sutis de condi\u00e7\u00f5es sist\u00eamicas graves. Muitas dessas doen\u00e7as se manifestam primeiramente na cavidade oral, antes de outros sintomas.<\/p>\n\n\n\n<p>No contexto das campanhas deste m\u00eas, essa responsabilidade ganha contornos ainda mais vitais para a equipe. O fevereiro roxo \u00e9 dedicado \u00e0 conscientiza\u00e7\u00e3o sobre o alzheimer, o l\u00fapus e a fibromialgia.<\/p>\n\n\n\n<p>J\u00e1 o fevereiro laranja foca na conscientiza\u00e7\u00e3o sobre a leucemia. Embora pare\u00e7am temas distantes, a boca \u00e9 uma janela para a sa\u00fade do corpo inteiro.<\/p>\n\n\n\n<p>Neste artigo, a proposta \u00e9 explorar como elevar o padr\u00e3o do atendimento cl\u00ednico por meio de um olhar atento.<\/p>\n\n\n\n<p>O objetivo \u00e9 capacitar a equipe a identificar manifesta\u00e7\u00f5es orais dessas doen\u00e7as. Isso promove um diagn\u00f3stico abrangente que prioriza o bem-estar geral e estrat\u00e9gico para a cl\u00ednica.<\/p>\n\n\n\n<div id=\"ez-toc-container\" class=\"ez-toc-v2_0_82_2 counter-hierarchy ez-toc-counter ez-toc-custom ez-toc-container-direction\">\n<div class=\"ez-toc-title-container\">\n<p class=\"ez-toc-title ez-toc-toggle\" style=\"cursor:pointer\">Voc\u00ea encontrar\u00e1 nesse artigo:<\/p>\n<span class=\"ez-toc-title-toggle\"><\/span><\/div>\n<nav><ul class='ez-toc-list ez-toc-list-level-1 ' ><li class='ez-toc-page-1 ez-toc-heading-level-2'><a class=\"ez-toc-link ez-toc-heading-1\" href=\"https:\/\/www.simplesdental.com\/blog\/fevereiro-roxo-e-laranja-na-odontologia\/#A_importancia_do_diagnostico_abrangente_na_clinica\" >A import\u00e2ncia do diagn\u00f3stico abrangente na cl\u00ednica<\/a><\/li><li class='ez-toc-page-1 ez-toc-heading-level-2'><a class=\"ez-toc-link ez-toc-heading-2\" href=\"https:\/\/www.simplesdental.com\/blog\/fevereiro-roxo-e-laranja-na-odontologia\/#Fevereiro_roxo_e_laranja_na_odontologia_o_foco_no_lupus_e_alzheimer\" >Fevereiro roxo e laranja na odontologia: o foco no l\u00fapus e alzheimer<\/a><\/li><li class='ez-toc-page-1 ez-toc-heading-level-2'><a class=\"ez-toc-link ez-toc-heading-3\" href=\"https:\/\/www.simplesdental.com\/blog\/fevereiro-roxo-e-laranja-na-odontologia\/#Manifestacoes_orais_da_leucemia_e_a_vigilancia_laranja\" >Manifesta\u00e7\u00f5es orais da leucemia e a vigil\u00e2ncia laranja<\/a><\/li><li class='ez-toc-page-1 ez-toc-heading-level-2'><a class=\"ez-toc-link ez-toc-heading-4\" href=\"https:\/\/www.simplesdental.com\/blog\/fevereiro-roxo-e-laranja-na-odontologia\/#Como_o_prontuario_digital_otimiza_o_diagnostico_preventivo\" >Como o prontu\u00e1rio digital otimiza o diagn\u00f3stico preventivo<\/a><\/li><li class='ez-toc-page-1 ez-toc-heading-level-2'><a class=\"ez-toc-link ez-toc-heading-5\" href=\"https:\/\/www.simplesdental.com\/blog\/fevereiro-roxo-e-laranja-na-odontologia\/#O_papel_da_secretaria_na_triagem_inicial_do_paciente\" >O papel da secret\u00e1ria na triagem inicial do paciente<\/a><\/li><li class='ez-toc-page-1 ez-toc-heading-level-2'><a class=\"ez-toc-link ez-toc-heading-6\" href=\"https:\/\/www.simplesdental.com\/blog\/fevereiro-roxo-e-laranja-na-odontologia\/#Integracao_multidisciplinar_e_a_carta_de_encaminhamento\" >Integra\u00e7\u00e3o multidisciplinar e a carta de encaminhamento<\/a><\/li><li class='ez-toc-page-1 ez-toc-heading-level-2'><a class=\"ez-toc-link ez-toc-heading-7\" href=\"https:\/\/www.simplesdental.com\/blog\/fevereiro-roxo-e-laranja-na-odontologia\/#Protocolos_de_seguranca_em_pacientes_imunossuprimidos\" >Protocolos de seguran\u00e7a em pacientes imunossuprimidos<\/a><\/li><li class='ez-toc-page-1 ez-toc-heading-level-2'><a class=\"ez-toc-link ez-toc-heading-8\" href=\"https:\/\/www.simplesdental.com\/blog\/fevereiro-roxo-e-laranja-na-odontologia\/#O_futuro_do_cuidado_odontologico_integrado\" >O futuro do cuidado odontol\u00f3gico integrado<\/a><\/li><li class='ez-toc-page-1 ez-toc-heading-level-2'><a class=\"ez-toc-link ez-toc-heading-9\" href=\"https:\/\/www.simplesdental.com\/blog\/fevereiro-roxo-e-laranja-na-odontologia\/#Perguntas_frequentes_sobre_fevereiro_roxo_e_laranja_na_odontologia\" >Perguntas frequentes sobre fevereiro roxo e laranja na odontologia<\/a><\/li><\/ul><\/nav><\/div>\n<h2 class=\"wp-block-heading\"><span class=\"ez-toc-section\" id=\"A_importancia_do_diagnostico_abrangente_na_clinica\"><\/span><strong>A import\u00e2ncia do diagn\u00f3stico abrangente na cl\u00ednica<\/strong><span class=\"ez-toc-section-end\"><\/span><\/h2>\n\n\n\n<p>A odontologia moderna n\u00e3o pode ser isolada do restante da medicina, especialmente na preven\u00e7\u00e3o. Quando a equipe realiza um exame cl\u00ednico minucioso, executa uma triagem que pode salvar vidas.<\/p>\n\n\n\n<p>O tema fevereiro roxo e laranja na odontologia refor\u00e7a a necessidade de olhar para o paciente de forma hol\u00edstica. <\/p>\n\n\n\n<p>Muitas doen\u00e7as sist\u00eamicas apresentam os primeiros sinais na mucosa bucal ou nas gengivas. Quando esses sinais s\u00e3o ignorados por falta de processos claros, perde-se a chance de um encaminhamento precoce.<\/p>\n\n\n\n<p>Ao documentar essas altera\u00e7\u00f5es, a cl\u00ednica refor\u00e7a a sua autoridade e o cuidado humanizado. Para que essa detec\u00e7\u00e3o seja eficiente, \u00e9 preciso padronizar a inspe\u00e7\u00e3o de tecidos moles.<\/p>\n\n\n\n<p>N\u00e3o basta olhar os dentes; \u00e9 preciso analisar l\u00edngua, assoalho bucal e palato com rigor t\u00e9cnico. Esse cuidado transforma a percep\u00e7\u00e3o do paciente sobre o valor real da consulta realizada na cl\u00ednica.<\/p>\n\n\n\n<figure class=\"wp-block-table\"><table class=\"has-fixed-layout\"><tbody><tr><td><strong>Benef\u00edcios do diagn\u00f3stico precoce<\/strong><\/td><td><strong>Impacto para o paciente<\/strong><\/td><td><strong>Valor para a cl\u00ednica<\/strong><\/td><\/tr><tr><td>Interven\u00e7\u00e3o r\u00e1pida<\/td><td>Aumento das chances de cura<\/td><td>Reconhecimento profissional<\/td><\/tr><tr><td>Vis\u00e3o hol\u00edstica<\/td><td>Melhora na qualidade de vida<\/td><td>Fideliza\u00e7\u00e3o pela confian\u00e7a<\/td><\/tr><tr><td>Preven\u00e7\u00e3o de complica\u00e7\u00f5es<\/td><td>Redu\u00e7\u00e3o de custos hospitalares<\/td><td>Diferencia\u00e7\u00e3o no mercado<\/td><\/tr><\/tbody><\/table><\/figure>\n\n\n\n<h2 class=\"wp-block-heading\"><span class=\"ez-toc-section\" id=\"Fevereiro_roxo_e_laranja_na_odontologia_o_foco_no_lupus_e_alzheimer\"><\/span><strong>Fevereiro roxo e laranja na odontologia: o foco no l\u00fapus e alzheimer<\/strong><span class=\"ez-toc-section-end\"><\/span><\/h2>\n\n\n\n<p>O fevereiro roxo traz temas complexos que possuem intera\u00e7\u00f5es diretas com a pr\u00e1tica di\u00e1ria. O l\u00fapus eritematoso sist\u00eamico \u00e9 uma doen\u00e7a autoimune onde 40% dos pacientes apresentam les\u00f5es orais.<\/p>\n\n\n\n<p>\u00c9 preciso ficar atento a les\u00f5es ulceradas ou placas que lembram o l\u00edquen plano no palato. No caso do alzheimer, a atua\u00e7\u00e3o da cl\u00ednica foca na vigil\u00e2ncia do comportamento e higiene oral.<\/p>\n\n\n\n<p>Pacientes em est\u00e1gios iniciais podem come\u00e7ar a negligenciar a escova\u00e7\u00e3o b\u00e1sica. Identificar esse decl\u00ednio precocemente permite orientar os familiares sobre os cuidados preventivos necess\u00e1rios.<\/p>\n\n\n\n<p>Ao abordar o fevereiro roxo e laranja na odontologia, tamb\u00e9m n\u00e3o se pode esquecer da fibromialgia. Embora sem les\u00f5es vis\u00edveis, esses pacientes costumam relatar dores orofaciais at\u00edpicas e disfun\u00e7\u00f5es na ATM.<\/p>\n\n\n\n<p>Compreender essa conex\u00e3o ajuda a evitar tratamentos invasivos desnecess\u00e1rios na cl\u00ednica.<\/p>\n\n\n\n<ol class=\"wp-block-list\">\n<li>Observe les\u00f5es ulceradas persistentes que n\u00e3o cicatrizam em 15 dias.<\/li>\n\n\n\n<li>Avalie a presen\u00e7a de xerostomia severa associada ao uso de medica\u00e7\u00f5es.<\/li>\n\n\n\n<li>Note mudan\u00e7as bruscas na destreza manual do paciente ao higienizar a boca.<\/li>\n\n\n\n<li>Considere o impacto da dor cr\u00f4nica no planejamento do tratamento dental.<\/li>\n<\/ol>\n\n\n\n<h2 class=\"wp-block-heading\"><span class=\"ez-toc-section\" id=\"Manifestacoes_orais_da_leucemia_e_a_vigilancia_laranja\"><\/span><strong>Manifesta\u00e7\u00f5es orais da leucemia e a vigil\u00e2ncia laranja<\/strong><span class=\"ez-toc-section-end\"><\/span><\/h2>\n\n\n\n<p>A campanha fevereiro laranja \u00e9 um alerta urgente sobre a leucemia e exige rapidez da equipe. A aten\u00e7\u00e3o t\u00e9cnica na cl\u00ednica \u00e9 essencial, pois as manifesta\u00e7\u00f5es iniciais podem ser puramente orais.<\/p>\n\n\n\n<p>\u00c9 necess\u00e1rio suspeitar de leucemia ao encontrar hiperplasia gengival s\u00fabita e generalizada. Al\u00e9m do crescimento gengival, sangramentos espont\u00e2neos ou pet\u00e9quias no palato s\u00e3o sinais cr\u00edticos.<\/p>\n\n\n\n<p>Ao identificar esses sinais, o encaminhamento para um hematologista deve ser feito com urg\u00eancia. A cl\u00ednica cumpre o seu papel vital de sentinela da sa\u00fade integral ao levantar essa suspeita.<\/p>\n\n\n\n<p>Muitas vezes, o paciente procura a cl\u00ednica crendo ter apenas um problema gengival comum. Ao aplicar o conhecimento sobre fevereiro roxo e laranja na odontologia, o atendimento torna-se um ato de salvamento.<\/p>\n\n\n\n<p>Essa proatividade define uma gest\u00e3o de excel\u00eancia voltada para o aprimoramento profissional constante.<\/p>\n\n\n\n<ul class=\"wp-block-list\">\n<li><strong>Hiperplasia gengival:<\/strong> aumento volum\u00e9trico sem explica\u00e7\u00e3o por placa bacteriana.<\/li>\n\n\n\n<li><strong>Sangramento:<\/strong> hemorragias gengivais espont\u00e2neas ou dif\u00edceis de controlar.<\/li>\n\n\n\n<li><strong>Palidez de mucosa:<\/strong> tecidos orais p\u00e1lidos devido \u00e0 anemia secund\u00e1ria \u00e0 doen\u00e7a.<\/li>\n\n\n\n<li><strong>Infec\u00e7\u00f5es oportunistas:<\/strong> candid\u00edase ou herpes com frequ\u00eancia incomum e severa.<\/li>\n<\/ul>\n\n\n\n<h2 class=\"wp-block-heading\"><span class=\"ez-toc-section\" id=\"Como_o_prontuario_digital_otimiza_o_diagnostico_preventivo\"><\/span><strong>Como o prontu\u00e1rio digital otimiza o diagn\u00f3stico preventivo<\/strong><span class=\"ez-toc-section-end\"><\/span><\/h2>\n\n\n\n<p>Para que as observa\u00e7\u00f5es n\u00e3o se percam, \u00e9 fundamental um sistema de registro eficiente na cl\u00ednica. O sucesso no fevereiro roxo e laranja na odontologia depende da qualidade dos dados coletados.<\/p>\n\n\n\n<p>Um prontu\u00e1rio cl\u00ednico que permite o hist\u00f3rico detalhado \u00e9 a base de qualquer diagn\u00f3stico seguro. A utiliza\u00e7\u00e3o de ferramentas que facilitem a anamnese \u00e9 uma recomenda\u00e7\u00e3o para administradores.<\/p>\n\n\n\n<p>Perguntar sobre hist\u00f3rico familiar e fadiga excessiva deve fazer parte da rotina de triagem. Com o <a href=\"https:\/\/www.simplesdental.com\/cadastro?utm_source=Hyperlinkblogposts&amp;utm_medium=blogsimplesdental&amp;utm_campaign=LariSanders&amp;utm_content=2026\" target=\"_blank\" rel=\"noreferrer noopener\">plano Basic de um software<\/a>, \u00e9 poss\u00edvel centralizar e comparar essas informa\u00e7\u00f5es.<\/p>\n\n\n\n<p>A tecnologia tamb\u00e9m permite anexar fotos de les\u00f5es suspeitas para acompanhamento evolutivo. Isso \u00e9 vital para monitorar se uma mancha mudou de cor ou tamanho entre consultas. Ter dados organizados melhora o atendimento e oferece seguran\u00e7a jur\u00eddica para o dentista da cl\u00ednica.<\/p>\n\n\n\n<h2 class=\"wp-block-heading\"><span class=\"ez-toc-section\" id=\"O_papel_da_secretaria_na_triagem_inicial_do_paciente\"><\/span><strong>O papel da secret\u00e1ria na triagem inicial do paciente<\/strong><span class=\"ez-toc-section-end\"><\/span><\/h2>\n\n\n\n<p>A detec\u00e7\u00e3o precoce come\u00e7a muitas vezes antes do paciente sentar na cadeira odontol\u00f3gica. A equipe de recep\u00e7\u00e3o e as secret\u00e1rias desempenham um papel fundamental nesse ecossistema.<\/p>\n\n\n\n<p>Quando a equipe ouve atentamente as queixas durante o agendamento, a cl\u00ednica ganha agilidade. Uma secret\u00e1ria atenta nota se um paciente idoso apresenta sinais de confus\u00e3o mental.<\/p>\n\n\n\n<p>Tamb\u00e9m pode registrar se um paciente mencionou manchas roxas pelo corpo ao chegar na cl\u00ednica. Essas informa\u00e7\u00f5es devem ser repassadas ao dentista para a anamnese ter um foco especial.<\/p>\n\n\n\n<ol class=\"wp-block-list\">\n<li>Treine a recep\u00e7\u00e3o para observar sinais vis\u00edveis de palidez ou fadiga excessiva.<\/li>\n\n\n\n<li>Estimule o registro de queixas sist\u00eamicas no campo de observa\u00e7\u00f5es do sistema.<\/li>\n\n\n\n<li>Crie um protocolo de comunica\u00e7\u00e3o interna para casos de urg\u00eancia sist\u00eamica.<\/li>\n\n\n\n<li>Mantenha o cadastro de sa\u00fade atualizado com contatos dos m\u00e9dicos assistentes.<\/li>\n<\/ol>\n\n\n\n<h2 class=\"wp-block-heading\"><span class=\"ez-toc-section\" id=\"Integracao_multidisciplinar_e_a_carta_de_encaminhamento\"><\/span><strong>Integra\u00e7\u00e3o multidisciplinar e a carta de encaminhamento<\/strong><span class=\"ez-toc-section-end\"><\/span><\/h2>\n\n\n\n<p>A atua\u00e7\u00e3o da cl\u00ednica n\u00e3o termina na identifica\u00e7\u00e3o de uma altera\u00e7\u00e3o suspeita durante o exame. O passo seguinte para validar o tema fevereiro roxo e laranja na odontologia \u00e9 o encaminhamento m\u00e9dico.<\/p>\n\n\n\n<p>Uma comunica\u00e7\u00e3o profissional e t\u00e9cnica entre dentista e m\u00e9dico \u00e9 fundamental para o sucesso do caso. A carta de encaminhamento deve ser redigida de forma clara, t\u00e9cnica e objetiva.<\/p>\n\n\n\n<p>\u00c9 necess\u00e1rio descrever a localiza\u00e7\u00e3o exata, cor, textura e tempo de evolu\u00e7\u00e3o da les\u00e3o observada. Essa postura evita diagn\u00f3sticos vagos e agiliza a tomada de decis\u00e3o do especialista m\u00e9dico.<\/p>\n\n\n\n<p>Al\u00e9m disso, a cl\u00ednica deve estar preparada para receber o feedback do m\u00e9dico assistente. Documentar o diagn\u00f3stico final sist\u00eamico no prontu\u00e1rio do paciente ajuda em futuras interven\u00e7\u00f5es dentais.<\/p>\n\n\n\n<p>Isso garante que o plano de tratamento odontol\u00f3gico respeite as limita\u00e7\u00f5es impostas pela doen\u00e7a sist\u00eamica.<\/p>\n\n\n\n<h2 class=\"wp-block-heading\"><span class=\"ez-toc-section\" id=\"Protocolos_de_seguranca_em_pacientes_imunossuprimidos\"><\/span><strong>Protocolos de seguran\u00e7a em pacientes imunossuprimidos<\/strong><span class=\"ez-toc-section-end\"><\/span><\/h2>\n\n\n\n<p>Ao lidar com casos suspeitos no fevereiro roxo e laranja na odontologia, a seguran\u00e7a \u00e9 prioridade. Pacientes com suspeita de leucemia ou l\u00fapus ativo podem apresentar quadros graves de imunossupress\u00e3o.<\/p>\n\n\n\n<p>Nesses cen\u00e1rios, qualquer procedimento invasivo na cl\u00ednica deve ser avaliado com cautela extrema. O risco de infec\u00e7\u00f5es p\u00f3s-operat\u00f3rias e hemorragias graves \u00e9 elevado nestes pacientes espec\u00edficos.<\/p>\n\n\n\n<p>Por isso, o contato direto com o hematologista ou reumatologista \u00e9 uma etapa obrigat\u00f3ria do protocolo. A cl\u00ednica deve sempre solicitar exames laboratoriais recentes, como o hemograma, antes de interven\u00e7\u00f5es.<\/p>\n\n\n\n<p>Essa integra\u00e7\u00e3o reduz os riscos de intercorr\u00eancias graves na cadeira odontol\u00f3gica da cl\u00ednica. A excel\u00eancia profissional \u00e9 demonstrada quando o dentista sabe o momento certo de n\u00e3o intervir. Tratar a sa\u00fade do paciente como um todo \u00e9 o que define o verdadeiro papel do diagn\u00f3stico.<\/p>\n\n\n\n<h2 class=\"wp-block-heading\"><span class=\"ez-toc-section\" id=\"O_futuro_do_cuidado_odontologico_integrado\"><\/span><strong>O futuro do cuidado odontol\u00f3gico integrado<\/strong><span class=\"ez-toc-section-end\"><\/span><\/h2>\n\n\n\n<p>A abordagem sobre fevereiro roxo e laranja na odontologia \u00e9 uma extens\u00e3o da responsabilidade cl\u00ednica. Quando a cl\u00ednica entende o paciente al\u00e9m da boca, o padr\u00e3o da odontologia nacional \u00e9 elevado.<\/p>\n\n\n\n<p>Estas campanhas lembram que um diagn\u00f3stico na cl\u00ednica pode ser o ponto de virada na vida de algu\u00e9m. O sucesso de uma cl\u00ednica moderna une excel\u00eancia t\u00e9cnica e organiza\u00e7\u00e3o administrativa rigorosa.<\/p>\n\n\n\n<p>Ao adotar uma postura vigilante e usar tecnologia, a cl\u00ednica se consolida como um espa\u00e7o de sa\u00fade. Este \u00e9 o diferencial que pacientes e o mercado de sa\u00fade buscam atualmente.<\/p>\n\n\n\n<p>Investir em processos de registro cl\u00ednico modernos \u00e9 o caminho para um atendimento de elite. O diagn\u00f3stico precoce \u00e9 uma miss\u00e3o coletiva que envolve toda a estrutura da cl\u00ednica. A moderniza\u00e7\u00e3o das ferramentas de gest\u00e3o permite que esse cuidado seja pr\u00e1tico e escal\u00e1vel.<\/p>\n\n\n\n<h2 class=\"wp-block-heading\"><span class=\"ez-toc-section\" id=\"Perguntas_frequentes_sobre_fevereiro_roxo_e_laranja_na_odontologia\"><\/span><strong>Perguntas frequentes sobre fevereiro roxo e laranja na odontologia<\/strong><span class=\"ez-toc-section-end\"><\/span><\/h2>\n\n\n\n<p>Para esclarecer d\u00favidas sobre como a cl\u00ednica pode atuar nestas campanhas, selecionamos as quest\u00f5es comuns. Confira abaixo como integrar esses conceitos de sa\u00fade integral no dia a dia do seu atendimento.<\/p>\n\n\n\n<h3 class=\"wp-block-heading\">O que significa a campanha fevereiro roxo e laranja na odontologia?<\/h3>\n\n\n\n<p>Campanhas para conscientizar sobre como l\u00fapus, alzheimer e leucemia podem ser detectados por sinais na boca.<\/p>\n\n\n\n<h3 class=\"wp-block-heading\">Quais as principais les\u00f5es de l\u00fapus encontradas na cl\u00ednica?<\/h3>\n\n\n\n<p>Ulcera\u00e7\u00f5es cr\u00f4nicas, \u00e1reas avermelhadas e placas brancas no palato ou na parte interna das bochechas.<\/p>\n\n\n\n<h3 class=\"wp-block-heading\">Como o dentista deve proceder ao suspeitar de leucemia na consulta?<\/h3>\n\n\n\n<p>Registrar detalhadamente no prontu\u00e1rio, suspender atos invasivos e encaminhar o paciente para um hematologista.<\/p>\n\n\n\n<figure class=\"wp-block-image size-large\"><a href=\"https:\/\/www.linkedin.com\/in\/laricsanders\/\" target=\"_blank\" rel=\" noreferrer noopener\"><img loading=\"lazy\" decoding=\"async\" width=\"1024\" height=\"295\" src=\"https:\/\/www.simplesdental.com\/wp-content\/uploads\/2026\/01\/Larissa-Sanders-https___www.linkedin.com_in_laricsanders_.pptx-1024x295.png\" alt=\"Larissa Sanders\" class=\"wp-image-6816\" srcset=\"https:\/\/www.simplesdental.com\/wp-content\/uploads\/2026\/01\/Larissa-Sanders-https___www.linkedin.com_in_laricsanders_.pptx-1024x295.png 1024w, https:\/\/www.simplesdental.com\/wp-content\/uploads\/2026\/01\/Larissa-Sanders-https___www.linkedin.com_in_laricsanders_.pptx-300x86.png 300w, https:\/\/www.simplesdental.com\/wp-content\/uploads\/2026\/01\/Larissa-Sanders-https___www.linkedin.com_in_laricsanders_.pptx-768x221.png 768w, https:\/\/www.simplesdental.com\/wp-content\/uploads\/2026\/01\/Larissa-Sanders-https___www.linkedin.com_in_laricsanders_.pptx-1536x442.png 1536w, https:\/\/www.simplesdental.com\/wp-content\/uploads\/2026\/01\/Larissa-Sanders-https___www.linkedin.com_in_laricsanders_.pptx.png 1566w\" sizes=\"auto, (max-width: 1024px) 100vw, 1024px\" \/><\/a><\/figure>\n","protected":false},"excerpt":{"rendered":"<p>Fevereiro roxo e laranja na odontologia representam uma oportunidade &uacute;nica para dentistas, administradores e secret&aacute;rias. Este per&iacute;odo demonstra que o cuidado em uma unidade de sa&uacute;de vai muito al&eacute;m dos dentes. Como &eacute; de conhecimento geral, o cirurgi&atilde;o-dentista &eacute;, muitas vezes, o profissional que mant&eacute;m contato frequente com o paciente. Essa posi&ccedil;&atilde;o privilegiada permite identificar [&hellip;]<\/p>\n","protected":false},"author":1761,"featured_media":6924,"comment_status":"open","ping_status":"open","sticky":false,"template":"","format":"standard","meta":{"content-type":"","footnotes":""},"categories":[273],"tags":[653,654,652],"class_list":["post-6923","post","type-post","status-publish","format-standard","has-post-thumbnail","hentry","category-especialidades-odontologicas","tag-atendimento-clinico-preventivo","tag-diagnostico-precoce-na-clinica","tag-manifestacoes-orais-de-doencas-sistemicas"],"contentshake_article_id":"","yoast_head":"<!-- This site is optimized with the Yoast SEO plugin v27.5 - https:\/\/yoast.com\/product\/yoast-seo-wordpress\/ -->\n<title>Fevereiro roxo e laranja na odontologia: guia cl\u00ednico<\/title>\n<meta name=\"description\" content=\"Saiba como o fevereiro roxo e laranja na odontologia refor\u00e7a o papel do dentista na detec\u00e7\u00e3o de doen\u00e7as e como organizar esse diagn\u00f3stico.\" \/>\n<meta name=\"robots\" content=\"index, follow, max-snippet:-1, max-image-preview:large, max-video-preview:-1\" \/>\n<link rel=\"canonical\" href=\"https:\/\/www.simplesdental.com\/blog\/fevereiro-roxo-e-laranja-na-odontologia\/\" \/>\n<meta property=\"og:locale\" content=\"pt_BR\" \/>\n<meta property=\"og:type\" content=\"article\" \/>\n<meta property=\"og:title\" content=\"Fevereiro roxo e laranja na odontologia: guia cl\u00ednico\" \/>\n<meta property=\"og:description\" content=\"Saiba como o fevereiro roxo e laranja na odontologia refor\u00e7a o papel do dentista na detec\u00e7\u00e3o de doen\u00e7as e como organizar esse diagn\u00f3stico.\" \/>\n<meta property=\"og:url\" content=\"https:\/\/www.simplesdental.com\/blog\/fevereiro-roxo-e-laranja-na-odontologia\/\" \/>\n<meta property=\"og:site_name\" content=\"Simples Dental\" \/>\n<meta property=\"article:publisher\" content=\"https:\/\/www.facebook.com\/simplesdental\/\" \/>\n<meta property=\"article:published_time\" content=\"2026-02-02T11:00:00+00:00\" \/>\n<meta property=\"article:modified_time\" content=\"2026-02-28T18:07:33+00:00\" \/>\n<meta property=\"og:image\" content=\"https:\/\/www.simplesdental.com\/wp-content\/uploads\/2026\/02\/EXTRA-2.png\" \/>\n\t<meta property=\"og:image:width\" content=\"864\" \/>\n\t<meta property=\"og:image:height\" content=\"406\" \/>\n\t<meta property=\"og:image:type\" content=\"image\/png\" \/>\n<meta name=\"author\" content=\"Larissa Sanders\" \/>\n<meta name=\"twitter:card\" content=\"summary_large_image\" \/>\n<meta name=\"twitter:label1\" content=\"Escrito por\" \/>\n\t<meta name=\"twitter:data1\" content=\"Larissa Sanders\" \/>\n\t<meta name=\"twitter:label2\" content=\"Est. tempo de leitura\" \/>\n\t<meta name=\"twitter:data2\" content=\"9 minutos\" \/>\n<script type=\"application\/ld+json\" class=\"yoast-schema-graph\">{\"@context\":\"https:\\\/\\\/schema.org\",\"@graph\":[{\"@type\":\"Article\",\"@id\":\"https:\\\/\\\/www.simplesdental.com\\\/blog\\\/fevereiro-roxo-e-laranja-na-odontologia\\\/#article\",\"isPartOf\":{\"@id\":\"https:\\\/\\\/www.simplesdental.com\\\/blog\\\/fevereiro-roxo-e-laranja-na-odontologia\\\/\"},\"author\":{\"name\":\"Larissa Sanders\",\"@id\":\"https:\\\/\\\/www.simplesdental.com\\\/blog\\\/#\\\/schema\\\/person\\\/1f40bb954f9bd74ff61928d103c2e352\"},\"headline\":\"Fevereiro roxo e laranja na odontologia: o papel do dentista no diagn\u00f3stico\",\"datePublished\":\"2026-02-02T11:00:00+00:00\",\"dateModified\":\"2026-02-28T18:07:33+00:00\",\"mainEntityOfPage\":{\"@id\":\"https:\\\/\\\/www.simplesdental.com\\\/blog\\\/fevereiro-roxo-e-laranja-na-odontologia\\\/\"},\"wordCount\":1754,\"commentCount\":0,\"publisher\":{\"@id\":\"https:\\\/\\\/www.simplesdental.com\\\/blog\\\/#organization\"},\"image\":{\"@id\":\"https:\\\/\\\/www.simplesdental.com\\\/blog\\\/fevereiro-roxo-e-laranja-na-odontologia\\\/#primaryimage\"},\"thumbnailUrl\":\"https:\\\/\\\/www.simplesdental.com\\\/wp-content\\\/uploads\\\/2026\\\/02\\\/EXTRA-2.png\",\"keywords\":[\"atendimento cl\u00ednico preventivo\",\"diagn\u00f3stico precoce na cl\u00ednica\",\"manifesta\u00e7\u00f5es orais de doen\u00e7as sist\u00eamicas\"],\"articleSection\":[\"Especialidades\"],\"inLanguage\":\"pt-BR\",\"potentialAction\":[{\"@type\":\"CommentAction\",\"name\":\"Comment\",\"target\":[\"https:\\\/\\\/www.simplesdental.com\\\/blog\\\/fevereiro-roxo-e-laranja-na-odontologia\\\/#respond\"]}]},{\"@type\":\"WebPage\",\"@id\":\"https:\\\/\\\/www.simplesdental.com\\\/blog\\\/fevereiro-roxo-e-laranja-na-odontologia\\\/\",\"url\":\"https:\\\/\\\/www.simplesdental.com\\\/blog\\\/fevereiro-roxo-e-laranja-na-odontologia\\\/\",\"name\":\"Fevereiro roxo e laranja na odontologia: guia cl\u00ednico\",\"isPartOf\":{\"@id\":\"https:\\\/\\\/www.simplesdental.com\\\/blog\\\/#website\"},\"primaryImageOfPage\":{\"@id\":\"https:\\\/\\\/www.simplesdental.com\\\/blog\\\/fevereiro-roxo-e-laranja-na-odontologia\\\/#primaryimage\"},\"image\":{\"@id\":\"https:\\\/\\\/www.simplesdental.com\\\/blog\\\/fevereiro-roxo-e-laranja-na-odontologia\\\/#primaryimage\"},\"thumbnailUrl\":\"https:\\\/\\\/www.simplesdental.com\\\/wp-content\\\/uploads\\\/2026\\\/02\\\/EXTRA-2.png\",\"datePublished\":\"2026-02-02T11:00:00+00:00\",\"dateModified\":\"2026-02-28T18:07:33+00:00\",\"description\":\"Saiba como o fevereiro roxo e laranja na odontologia refor\u00e7a o papel do dentista na detec\u00e7\u00e3o de doen\u00e7as e como organizar esse diagn\u00f3stico.\",\"breadcrumb\":{\"@id\":\"https:\\\/\\\/www.simplesdental.com\\\/blog\\\/fevereiro-roxo-e-laranja-na-odontologia\\\/#breadcrumb\"},\"inLanguage\":\"pt-BR\",\"potentialAction\":[{\"@type\":\"ReadAction\",\"target\":[\"https:\\\/\\\/www.simplesdental.com\\\/blog\\\/fevereiro-roxo-e-laranja-na-odontologia\\\/\"]}]},{\"@type\":\"ImageObject\",\"inLanguage\":\"pt-BR\",\"@id\":\"https:\\\/\\\/www.simplesdental.com\\\/blog\\\/fevereiro-roxo-e-laranja-na-odontologia\\\/#primaryimage\",\"url\":\"https:\\\/\\\/www.simplesdental.com\\\/wp-content\\\/uploads\\\/2026\\\/02\\\/EXTRA-2.png\",\"contentUrl\":\"https:\\\/\\\/www.simplesdental.com\\\/wp-content\\\/uploads\\\/2026\\\/02\\\/EXTRA-2.png\",\"width\":864,\"height\":406,\"caption\":\"fevereiro roxo e laranja na odontologia\"},{\"@type\":\"BreadcrumbList\",\"@id\":\"https:\\\/\\\/www.simplesdental.com\\\/blog\\\/fevereiro-roxo-e-laranja-na-odontologia\\\/#breadcrumb\",\"itemListElement\":[{\"@type\":\"ListItem\",\"position\":1,\"name\":\"Home\",\"item\":\"https:\\\/\\\/www.simplesdental.com\\\/blog\\\/\"},{\"@type\":\"ListItem\",\"position\":2,\"name\":\"Fevereiro roxo e laranja na odontologia: o papel do dentista no diagn\u00f3stico\"}]},{\"@type\":\"WebSite\",\"@id\":\"https:\\\/\\\/www.simplesdental.com\\\/blog\\\/#website\",\"url\":\"https:\\\/\\\/www.simplesdental.com\\\/blog\\\/\",\"name\":\"Simples Dental\",\"description\":\"O melhor software odontol\u00f3gico da Am\u00e9rica Latina\",\"publisher\":{\"@id\":\"https:\\\/\\\/www.simplesdental.com\\\/blog\\\/#organization\"},\"alternateName\":\"Simples Dental - O Maior Software de gest\u00e3o odontol\u00f3gico da Am\u00e9rica Latina\",\"potentialAction\":[{\"@type\":\"SearchAction\",\"target\":{\"@type\":\"EntryPoint\",\"urlTemplate\":\"https:\\\/\\\/www.simplesdental.com\\\/blog\\\/?s={search_term_string}\"},\"query-input\":{\"@type\":\"PropertyValueSpecification\",\"valueRequired\":true,\"valueName\":\"search_term_string\"}}],\"inLanguage\":\"pt-BR\"},{\"@type\":\"Organization\",\"@id\":\"https:\\\/\\\/www.simplesdental.com\\\/blog\\\/#organization\",\"name\":\"Simpes Dental\",\"alternateName\":\"Simples Dental - O Maior Software de gest\u00e3o odontol\u00f3gico da Am\u00e9rica Latina\",\"url\":\"https:\\\/\\\/www.simplesdental.com\\\/blog\\\/\",\"logo\":{\"@type\":\"ImageObject\",\"inLanguage\":\"pt-BR\",\"@id\":\"https:\\\/\\\/www.simplesdental.com\\\/blog\\\/#\\\/schema\\\/logo\\\/image\\\/\",\"url\":\"https:\\\/\\\/www.simplesdental.com\\\/wp-content\\\/uploads\\\/2018\\\/02\\\/simplesdental-logo.png\",\"contentUrl\":\"https:\\\/\\\/www.simplesdental.com\\\/wp-content\\\/uploads\\\/2018\\\/02\\\/simplesdental-logo.png\",\"width\":928,\"height\":184,\"caption\":\"Simpes Dental\"},\"image\":{\"@id\":\"https:\\\/\\\/www.simplesdental.com\\\/blog\\\/#\\\/schema\\\/logo\\\/image\\\/\"},\"sameAs\":[\"https:\\\/\\\/www.facebook.com\\\/simplesdental\\\/\",\"https:\\\/\\\/www.instagram.com\\\/simplesdental\\\/\",\"https:\\\/\\\/www.linkedin.com\\\/company\\\/simples-dental\",\"https:\\\/\\\/www.youtube.com\\\/channel\\\/UCyI9WDzbJj8g8rSlBFY5qCg\"]},{\"@type\":\"Person\",\"@id\":\"https:\\\/\\\/www.simplesdental.com\\\/blog\\\/#\\\/schema\\\/person\\\/1f40bb954f9bd74ff61928d103c2e352\",\"name\":\"Larissa Sanders\",\"image\":{\"@type\":\"ImageObject\",\"inLanguage\":\"pt-BR\",\"@id\":\"https:\\\/\\\/www.simplesdental.com\\\/wp-content\\\/uploads\\\/2025\\\/06\\\/20250624_203533-150x150.jpg\",\"url\":\"https:\\\/\\\/www.simplesdental.com\\\/wp-content\\\/uploads\\\/2025\\\/06\\\/20250624_203533-150x150.jpg\",\"contentUrl\":\"https:\\\/\\\/www.simplesdental.com\\\/wp-content\\\/uploads\\\/2025\\\/06\\\/20250624_203533-150x150.jpg\",\"caption\":\"Larissa Sanders\"},\"sameAs\":[\"https:\\\/\\\/www.linkedin.com\\\/in\\\/laricsanders\\\/\"],\"url\":\"https:\\\/\\\/www.simplesdental.com\\\/blog\\\/author\\\/larissa-sanders\\\/\"}]}<\/script>\n<!-- \/ Yoast SEO plugin. -->","yoast_head_json":{"title":"Fevereiro roxo e laranja na odontologia: guia cl\u00ednico","description":"Saiba como o fevereiro roxo e laranja na odontologia refor\u00e7a o papel do dentista na detec\u00e7\u00e3o de doen\u00e7as e como organizar esse diagn\u00f3stico.","robots":{"index":"index","follow":"follow","max-snippet":"max-snippet:-1","max-image-preview":"max-image-preview:large","max-video-preview":"max-video-preview:-1"},"canonical":"https:\/\/www.simplesdental.com\/blog\/fevereiro-roxo-e-laranja-na-odontologia\/","og_locale":"pt_BR","og_type":"article","og_title":"Fevereiro roxo e laranja na odontologia: guia cl\u00ednico","og_description":"Saiba como o fevereiro roxo e laranja na odontologia refor\u00e7a o papel do dentista na detec\u00e7\u00e3o de doen\u00e7as e como organizar esse diagn\u00f3stico.","og_url":"https:\/\/www.simplesdental.com\/blog\/fevereiro-roxo-e-laranja-na-odontologia\/","og_site_name":"Simples Dental","article_publisher":"https:\/\/www.facebook.com\/simplesdental\/","article_published_time":"2026-02-02T11:00:00+00:00","article_modified_time":"2026-02-28T18:07:33+00:00","og_image":[{"width":864,"height":406,"url":"https:\/\/www.simplesdental.com\/wp-content\/uploads\/2026\/02\/EXTRA-2.png","type":"image\/png"}],"author":"Larissa Sanders","twitter_card":"summary_large_image","twitter_misc":{"Escrito por":"Larissa Sanders","Est. tempo de leitura":"9 minutos"},"schema":{"@context":"https:\/\/schema.org","@graph":[{"@type":"Article","@id":"https:\/\/www.simplesdental.com\/blog\/fevereiro-roxo-e-laranja-na-odontologia\/#article","isPartOf":{"@id":"https:\/\/www.simplesdental.com\/blog\/fevereiro-roxo-e-laranja-na-odontologia\/"},"author":{"name":"Larissa Sanders","@id":"https:\/\/www.simplesdental.com\/blog\/#\/schema\/person\/1f40bb954f9bd74ff61928d103c2e352"},"headline":"Fevereiro roxo e laranja na odontologia: o papel do dentista no diagn\u00f3stico","datePublished":"2026-02-02T11:00:00+00:00","dateModified":"2026-02-28T18:07:33+00:00","mainEntityOfPage":{"@id":"https:\/\/www.simplesdental.com\/blog\/fevereiro-roxo-e-laranja-na-odontologia\/"},"wordCount":1754,"commentCount":0,"publisher":{"@id":"https:\/\/www.simplesdental.com\/blog\/#organization"},"image":{"@id":"https:\/\/www.simplesdental.com\/blog\/fevereiro-roxo-e-laranja-na-odontologia\/#primaryimage"},"thumbnailUrl":"https:\/\/www.simplesdental.com\/wp-content\/uploads\/2026\/02\/EXTRA-2.png","keywords":["atendimento cl\u00ednico preventivo","diagn\u00f3stico precoce na cl\u00ednica","manifesta\u00e7\u00f5es orais de doen\u00e7as sist\u00eamicas"],"articleSection":["Especialidades"],"inLanguage":"pt-BR","potentialAction":[{"@type":"CommentAction","name":"Comment","target":["https:\/\/www.simplesdental.com\/blog\/fevereiro-roxo-e-laranja-na-odontologia\/#respond"]}]},{"@type":"WebPage","@id":"https:\/\/www.simplesdental.com\/blog\/fevereiro-roxo-e-laranja-na-odontologia\/","url":"https:\/\/www.simplesdental.com\/blog\/fevereiro-roxo-e-laranja-na-odontologia\/","name":"Fevereiro roxo e laranja na odontologia: guia cl\u00ednico","isPartOf":{"@id":"https:\/\/www.simplesdental.com\/blog\/#website"},"primaryImageOfPage":{"@id":"https:\/\/www.simplesdental.com\/blog\/fevereiro-roxo-e-laranja-na-odontologia\/#primaryimage"},"image":{"@id":"https:\/\/www.simplesdental.com\/blog\/fevereiro-roxo-e-laranja-na-odontologia\/#primaryimage"},"thumbnailUrl":"https:\/\/www.simplesdental.com\/wp-content\/uploads\/2026\/02\/EXTRA-2.png","datePublished":"2026-02-02T11:00:00+00:00","dateModified":"2026-02-28T18:07:33+00:00","description":"Saiba como o fevereiro roxo e laranja na odontologia refor\u00e7a o papel do dentista na detec\u00e7\u00e3o de doen\u00e7as e como organizar esse diagn\u00f3stico.","breadcrumb":{"@id":"https:\/\/www.simplesdental.com\/blog\/fevereiro-roxo-e-laranja-na-odontologia\/#breadcrumb"},"inLanguage":"pt-BR","potentialAction":[{"@type":"ReadAction","target":["https:\/\/www.simplesdental.com\/blog\/fevereiro-roxo-e-laranja-na-odontologia\/"]}]},{"@type":"ImageObject","inLanguage":"pt-BR","@id":"https:\/\/www.simplesdental.com\/blog\/fevereiro-roxo-e-laranja-na-odontologia\/#primaryimage","url":"https:\/\/www.simplesdental.com\/wp-content\/uploads\/2026\/02\/EXTRA-2.png","contentUrl":"https:\/\/www.simplesdental.com\/wp-content\/uploads\/2026\/02\/EXTRA-2.png","width":864,"height":406,"caption":"fevereiro roxo e laranja na odontologia"},{"@type":"BreadcrumbList","@id":"https:\/\/www.simplesdental.com\/blog\/fevereiro-roxo-e-laranja-na-odontologia\/#breadcrumb","itemListElement":[{"@type":"ListItem","position":1,"name":"Home","item":"https:\/\/www.simplesdental.com\/blog\/"},{"@type":"ListItem","position":2,"name":"Fevereiro roxo e laranja na odontologia: o papel do dentista no diagn\u00f3stico"}]},{"@type":"WebSite","@id":"https:\/\/www.simplesdental.com\/blog\/#website","url":"https:\/\/www.simplesdental.com\/blog\/","name":"Simples Dental","description":"O melhor software odontol\u00f3gico da Am\u00e9rica Latina","publisher":{"@id":"https:\/\/www.simplesdental.com\/blog\/#organization"},"alternateName":"Simples Dental - O Maior Software de gest\u00e3o odontol\u00f3gico da Am\u00e9rica Latina","potentialAction":[{"@type":"SearchAction","target":{"@type":"EntryPoint","urlTemplate":"https:\/\/www.simplesdental.com\/blog\/?s={search_term_string}"},"query-input":{"@type":"PropertyValueSpecification","valueRequired":true,"valueName":"search_term_string"}}],"inLanguage":"pt-BR"},{"@type":"Organization","@id":"https:\/\/www.simplesdental.com\/blog\/#organization","name":"Simpes Dental","alternateName":"Simples Dental - O Maior Software de gest\u00e3o odontol\u00f3gico da Am\u00e9rica Latina","url":"https:\/\/www.simplesdental.com\/blog\/","logo":{"@type":"ImageObject","inLanguage":"pt-BR","@id":"https:\/\/www.simplesdental.com\/blog\/#\/schema\/logo\/image\/","url":"https:\/\/www.simplesdental.com\/wp-content\/uploads\/2018\/02\/simplesdental-logo.png","contentUrl":"https:\/\/www.simplesdental.com\/wp-content\/uploads\/2018\/02\/simplesdental-logo.png","width":928,"height":184,"caption":"Simpes Dental"},"image":{"@id":"https:\/\/www.simplesdental.com\/blog\/#\/schema\/logo\/image\/"},"sameAs":["https:\/\/www.facebook.com\/simplesdental\/","https:\/\/www.instagram.com\/simplesdental\/","https:\/\/www.linkedin.com\/company\/simples-dental","https:\/\/www.youtube.com\/channel\/UCyI9WDzbJj8g8rSlBFY5qCg"]},{"@type":"Person","@id":"https:\/\/www.simplesdental.com\/blog\/#\/schema\/person\/1f40bb954f9bd74ff61928d103c2e352","name":"Larissa Sanders","image":{"@type":"ImageObject","inLanguage":"pt-BR","@id":"https:\/\/www.simplesdental.com\/wp-content\/uploads\/2025\/06\/20250624_203533-150x150.jpg","url":"https:\/\/www.simplesdental.com\/wp-content\/uploads\/2025\/06\/20250624_203533-150x150.jpg","contentUrl":"https:\/\/www.simplesdental.com\/wp-content\/uploads\/2025\/06\/20250624_203533-150x150.jpg","caption":"Larissa Sanders"},"sameAs":["https:\/\/www.linkedin.com\/in\/laricsanders\/"],"url":"https:\/\/www.simplesdental.com\/blog\/author\/larissa-sanders\/"}]}},"_links":{"self":[{"href":"https:\/\/www.simplesdental.com\/blog\/wp-json\/wp\/v2\/posts\/6923","targetHints":{"allow":["GET"]}}],"collection":[{"href":"https:\/\/www.simplesdental.com\/blog\/wp-json\/wp\/v2\/posts"}],"about":[{"href":"https:\/\/www.simplesdental.com\/blog\/wp-json\/wp\/v2\/types\/post"}],"author":[{"embeddable":true,"href":"https:\/\/www.simplesdental.com\/blog\/wp-json\/wp\/v2\/users\/1761"}],"replies":[{"embeddable":true,"href":"https:\/\/www.simplesdental.com\/blog\/wp-json\/wp\/v2\/comments?post=6923"}],"version-history":[{"count":5,"href":"https:\/\/www.simplesdental.com\/blog\/wp-json\/wp\/v2\/posts\/6923\/revisions"}],"predecessor-version":[{"id":7027,"href":"https:\/\/www.simplesdental.com\/blog\/wp-json\/wp\/v2\/posts\/6923\/revisions\/7027"}],"wp:featuredmedia":[{"embeddable":true,"href":"https:\/\/www.simplesdental.com\/blog\/wp-json\/wp\/v2\/media\/6924"}],"wp:attachment":[{"href":"https:\/\/www.simplesdental.com\/blog\/wp-json\/wp\/v2\/media?parent=6923"}],"wp:term":[{"taxonomy":"category","embeddable":true,"href":"https:\/\/www.simplesdental.com\/blog\/wp-json\/wp\/v2\/categories?post=6923"},{"taxonomy":"post_tag","embeddable":true,"href":"https:\/\/www.simplesdental.com\/blog\/wp-json\/wp\/v2\/tags?post=6923"}],"curies":[{"name":"wp","href":"https:\/\/api.w.org\/{rel}","templated":true}]}}